{"id":4,"date":"2023-06-04T23:47:10","date_gmt":"2023-06-04T20:47:10","guid":{"rendered":"http:\/\/daimoglucam.com\/index.php\/2023\/06\/04\/camin-essiz-dokunusu-ic-mimarlarimizin-yaraticiligina-tanik-olun\/"},"modified":"2023-06-04T23:47:10","modified_gmt":"2023-06-04T20:47:10","slug":"camin-essiz-dokunusu-ic-mimarlarimizin-yaraticiligina-tanik-olun","status":"publish","type":"post","link":"https:\/\/daimoglucam.com\/index.php\/2023\/06\/04\/camin-essiz-dokunusu-ic-mimarlarimizin-yaraticiligina-tanik-olun\/","title":{"rendered":"Cam\u0131n E\u015fsiz Dokunu\u015fu: \u0130\u00e7 Mimarlar\u0131m\u0131z\u0131n Yarat\u0131c\u0131l\u0131\u011f\u0131na Tan\u0131k Olun"},"content":{"rendered":"<h2>Kayseri\u2019de Cam Sekt\u00f6r\u00fcnde Y\u0131llard\u0131r Hizmetinizdeyiz<\/h2>\n<p>30 y\u0131l\u0131 a\u015fk\u0131n s\u00fcredir Kayseri\u2019de \u00f6zel mekan ve dekorasyonlara g\u00f6re i\u00e7 mimarlar\u0131m\u0131z ile geli\u015ftirdi\u011fimiz profesyonel desenler ve \u00f6zel sipari\u015fler ile cam sekt\u00f6r\u00fcnde hizmet vermekteyiz. Amac\u0131m\u0131z, m\u00fc\u015fterilerimize hayallerinin \u00f6tesinde bir deneyim sunmak ve i\u00e7 mekanlar\u0131n\u0131za e\u015fsiz bir dokunu\u015f katmak.<\/p>\n<h2>\u0130\u00e7 Mimarlar\u0131m\u0131z\u0131n Yarat\u0131c\u0131l\u0131\u011f\u0131<\/h2>\n<p>\u0130\u00e7 mimarlar\u0131m\u0131z, sizin hayallerinizi ger\u00e7e\u011fe d\u00f6n\u00fc\u015ft\u00fcrmenin yan\u0131 s\u0131ra kendi yarat\u0131c\u0131l\u0131klar\u0131 ile de size \u00f6zg\u00fcn tasar\u0131mlar sunuyor. Her mekana uygun olarak, \u00f6zel tasar\u0131m camlardan masa ve sandalyelere kadar bir\u00e7ok \u00fcr\u00fcn\u00fc tasarlay\u0131p \u00fcretiyoruz. Kendi tasar\u0131mlar\u0131 ile bir\u00e7ok m\u00fc\u015fterimizin i\u00e7 mekanlar\u0131n\u0131 e\u015fsiz bir \u015fekilde s\u00fcsledik.<\/p>\n<p>\u00d6rne\u011fin, bir m\u00fc\u015fterimiz bize, evinin mutfak penceresine \u00f6zel bir cam tasar\u0131m\u0131 istedi\u011fini s\u00f6yledi. \u0130\u00e7 mimar\u0131m\u0131z da tasarlad\u0131\u011f\u0131 bir do\u011fa manzaras\u0131 ile cam\u0131 s\u00fcsleyerek, m\u00fc\u015fterimizin hayallerinin \u00f6tesine ge\u00e7ti. Bu tip \u00f6zel talepleri kar\u015f\u0131lamaktan mutluluk duyuyoruz ve her zaman elimizden gelenin en iyisini yapmaya \u00e7al\u0131\u015f\u0131yoruz.<\/p>\n<h2>E\u015fsiz Cam Tasar\u0131mlar\u0131<\/h2>\n<p>Cam, son zamanlarda i\u00e7 mekanlar\u0131n vazge\u00e7ilmez bir par\u00e7as\u0131 haline geldi. Bu nedenle, cam tasar\u0131mlar\u0131m\u0131z\u0131 da s\u00fcrekli yeniliyor ve geli\u015ftiriyoruz. \u00d6rne\u011fin, \u015fu anda en trend olan cam tavanlar, cam dolaplar ve cam duvarlar gibi \u00fcr\u00fcnlerde de uzmanla\u015ft\u0131k. Cam tavanlar ile mekanlara daha fazla \u0131\u015f\u0131k katarken, cam dolaplar ile e\u015fyalar\u0131n\u0131z\u0131 sergilemek m\u00fcmk\u00fcn oluyor.<\/p>\n<p>Ayn\u0131 zamanda cam duvarlar ile mekanlar\u0131n\u0131z\u0131 daha ferah ve geni\u015f g\u00f6sterebiliyorsunuz. Tasar\u0131mlar\u0131m\u0131zda da m\u00fc\u015fterilerimizin istekleri do\u011frultusunda \u00f6zel desenler kullan\u0131yoruz. Bu sayede, size \u00f6zel tasar\u0131mlar sunabiliyoruz. Kendi tasar\u0131mlar\u0131m\u0131z d\u0131\u015f\u0131nda, m\u00fc\u015fterilerimizin isteklerine de her zaman a\u00e7\u0131\u011f\u0131z ve fikirlerinizi hayata ge\u00e7irmek i\u00e7in elimizden geleni yap\u0131yoruz.<\/p>\n","protected":false},"excerpt":{"rendered":"<p>Kayseri\u2019de Cam Sekt\u00f6r\u00fcnde Y\u0131llard\u0131r Hizmetinizdeyiz 30 y\u0131l\u0131 a\u015fk\u0131n s\u00fcredir Kayseri\u2019de \u00f6zel mekan ve dekorasyonlara g\u00f6re i\u00e7 mimarlar\u0131m\u0131z ile geli\u015ftirdi\u011fimiz profesyonel desenler ve \u00f6zel sipari\u015fler ile cam<span class=\"excerpt-hellip\"> [\u2026]<\/span><\/p>\n","protected":false},"author":0,"featured_media":0,"comment_status":"open","ping_status":"open","sticky":false,"template":"","format":"standard","meta":{"_themeisle_gutenberg_block_has_review":false,"_joinchat":[],"footnotes":""},"categories":[1],"tags":[],"aioseo_notices":[],"_links":{"self":[{"href":"https:\/\/daimoglucam.com\/index.php\/wp-json\/wp\/v2\/posts\/4"}],"collection":[{"href":"https:\/\/daimoglucam.com\/index.php\/wp-json\/wp\/v2\/posts"}],"about":[{"href":"https:\/\/daimoglucam.com\/index.php\/wp-json\/wp\/v2\/types\/post"}],"replies":[{"embeddable":true,"href":"https:\/\/daimoglucam.com\/index.php\/wp-json\/wp\/v2\/comments?post=4"}],"version-history":[{"count":0,"href":"https:\/\/daimoglucam.com\/index.php\/wp-json\/wp\/v2\/posts\/4\/revisions"}],"wp:attachment":[{"href":"https:\/\/daimoglucam.com\/index.php\/wp-json\/wp\/v2\/media?parent=4"}],"wp:term":[{"taxonomy":"category","embeddable":true,"href":"https:\/\/daimoglucam.com\/index.php\/wp-json\/wp\/v2\/categories?post=4"},{"taxonomy":"post_tag","embeddable":true,"href":"https:\/\/daimoglucam.com\/index.php\/wp-json\/wp\/v2\/tags?post=4"}],"curies":[{"name":"wp","href":"https:\/\/api.w.org\/{rel}","templated":true}]}}